{"id":4678,"date":"2022-10-31T11:54:52","date_gmt":"2022-10-31T10:54:52","guid":{"rendered":"https:\/\/tordesillasdoctoral.umh.es\/?p=4678"},"modified":"2022-10-31T11:54:52","modified_gmt":"2022-10-31T10:54:52","slug":"abriu-o-prazo-de-inscricao-para-o-xxi-encontro-de-reitores-do-grupo-tordesilhas","status":"publish","type":"post","link":"https:\/\/tordesillasdoctoral.umh.es\/pt-pt\/2022\/10\/31\/abriu-o-prazo-de-inscricao-para-o-xxi-encontro-de-reitores-do-grupo-tordesilhas\/","title":{"rendered":"Abriu o prazo de inscri\u00e7\u00e3o para o XXI Encontro de Reitores do Grupo Tordesilhas"},"content":{"rendered":"<p>O evento vai reunir os reitores de v\u00e1rias universidades espanholas, portuguesas e brasileiras na UMH. A Universidade Miguel Hern\u00e1ndez (UMH) de Elche organiza o XXI Encontro de Reitores do Grupo Tordesilhas entre os dias 6 e 8 de novembro de 2022, do qual ostenta neste momento a presid\u00eancia. Este encontro, para o qual j\u00e1 se encontra aberto o prazo de inscri\u00e7\u00e3o, disp\u00f5e de um vasto programa acad\u00eamico e social. As jornadas ter\u00e3o in\u00edcio com uma mesa inaugural e de boas-vindas que ser\u00e1 presidida pelo reitor da UMH, Juan Jos\u00e9 Ru\u00edz Mart\u00ednez, e contar\u00e1 ainda com a participa\u00e7\u00e3o do vice-reitor da Universidade de Bras\u00edlia, Enrique Huelva Unternb\u00e4umen, representante da universidade brasileira que ir\u00e1 deter a pr\u00f3xima presid\u00eancia do grupo. Al\u00e9m disso, nesta mesa tamb\u00e9m estar\u00e3o presentes os reitores das universidades do Rio de Janeiro, Lisboa e Valladolid. O evento contar\u00e1 com a participa\u00e7\u00e3o de especialistas em Ci\u00eancia Aberta como Eloy Rodrigues, da Universidade do Minho ou Bianca Amaro, presidente de LA Referencia. O encontro concluir\u00e1 com a confer\u00eancia de clausura do investigador do Centro de Ci\u00eancias Humanas e Sociais do Centro Superior de Investiga\u00e7\u00f5es Cient\u00edficas (CSIC), Antonio Lafuente Garc\u00eda. Todo este programa acad\u00eamico se engloba no t\u00edtulo \u201cCi\u00eancia aberta: um passo para o conhecimento acess\u00edvel, global e democr\u00e1tico\u201d e ser\u00e1 acompanhado por um vasto programa social que inclui diversas visitas culturais e tur\u00edsticas \u00e0 cidade de Elche. Este evento vai proporcionar uma grande visibilidade e proje\u00e7\u00e3o a n\u00edvel internacional para a UMH precisamente no momento do seu 25\u00ba Anivers\u00e1rio e consequentemente para a cidade de Elche, cujo patrim\u00f3nio hist\u00f3rico e cultural tamb\u00e9m passar\u00e1 a ser conhecido pelos visitantes do Encontro. O programa completo do evento e a sua respetiva inscri\u00e7\u00e3o est\u00e3o dispon\u00edveis no site https:\/\/www.grupotordesillas.net\/<\/p>\n","protected":false},"excerpt":{"rendered":"<p>O evento vai reunir os reitores de v\u00e1rias universidades espanholas, portuguesas e brasileiras na UMH. A Universidade Miguel Hern\u00e1ndez (UMH) de Elche organiza o XXI Encontro de Reitores do Grupo Tordesilhas entre os dias 6 e 8 de novembro de 2022, do qual ostenta neste momento a presid\u00eancia. Este encontro, para o qual j\u00e1 se [&hellip;]<\/p>\n","protected":false},"author":6508,"featured_media":4266,"comment_status":"open","ping_status":"open","sticky":false,"template":"","format":"standard","meta":{"_et_pb_use_builder":"off","_et_pb_old_content":"","_et_gb_content_width":"","_links_to":"","_links_to_target":""},"categories":[1361529],"tags":[],"_links":{"self":[{"href":"https:\/\/tordesillasdoctoral.umh.es\/pt-pt\/wp-json\/wp\/v2\/posts\/4678"}],"collection":[{"href":"https:\/\/tordesillasdoctoral.umh.es\/pt-pt\/wp-json\/wp\/v2\/posts"}],"about":[{"href":"https:\/\/tordesillasdoctoral.umh.es\/pt-pt\/wp-json\/wp\/v2\/types\/post"}],"author":[{"embeddable":true,"href":"https:\/\/tordesillasdoctoral.umh.es\/pt-pt\/wp-json\/wp\/v2\/users\/6508"}],"replies":[{"embeddable":true,"href":"https:\/\/tordesillasdoctoral.umh.es\/pt-pt\/wp-json\/wp\/v2\/comments?post=4678"}],"version-history":[{"count":0,"href":"https:\/\/tordesillasdoctoral.umh.es\/pt-pt\/wp-json\/wp\/v2\/posts\/4678\/revisions"}],"wp:featuredmedia":[{"embeddable":true,"href":"https:\/\/tordesillasdoctoral.umh.es\/pt-pt\/wp-json\/wp\/v2\/media\/4266"}],"wp:attachment":[{"href":"https:\/\/tordesillasdoctoral.umh.es\/pt-pt\/wp-json\/wp\/v2\/media?parent=4678"}],"wp:term":[{"taxonomy":"category","embeddable":true,"href":"https:\/\/tordesillasdoctoral.umh.es\/pt-pt\/wp-json\/wp\/v2\/categories?post=4678"},{"taxonomy":"post_tag","embeddable":true,"href":"https:\/\/tordesillasdoctoral.umh.es\/pt-pt\/wp-json\/wp\/v2\/tags?post=4678"}],"curies":[{"name":"wp","href":"https:\/\/api.w.org\/{rel}","templated":true}]}}