{"id":4686,"date":"2022-10-31T13:07:14","date_gmt":"2022-10-31T12:07:14","guid":{"rendered":"https:\/\/tordesillasdoctoral.umh.es\/?p=4686"},"modified":"2022-10-31T13:07:19","modified_gmt":"2022-10-31T12:07:19","slug":"bianca-amaro-a-ciencia-deve-ser-aberta-porque-gera-bens-publicos-para-todo-o-mundo","status":"publish","type":"post","link":"https:\/\/tordesillasdoctoral.umh.es\/pt-pt\/2022\/10\/31\/bianca-amaro-a-ciencia-deve-ser-aberta-porque-gera-bens-publicos-para-todo-o-mundo\/","title":{"rendered":"Bianca Amaro: \u201cA ci\u00eancia deve ser aberta porque gera bens p\u00fablicos para todo o mundo\u201d"},"content":{"rendered":"<p>[et_pb_section fb_built=&#8221;1&#8243; _builder_version=&#8221;4.17.4&#8243; _module_preset=&#8221;default&#8221; global_colors_info=&#8221;{}&#8221;][et_pb_row _builder_version=&#8221;4.17.4&#8243; _module_preset=&#8221;default&#8221; global_colors_info=&#8221;{}&#8221;][et_pb_column type=&#8221;4_4&#8243; _builder_version=&#8221;4.17.4&#8243; _module_preset=&#8221;default&#8221; global_colors_info=&#8221;{}&#8221;][et_pb_text _builder_version=&#8221;4.17.4&#8243; _module_preset=&#8221;default&#8221; global_colors_info=&#8221;{}&#8221;]<\/p>\n<p><span style=\"font-weight: 400\">A Refer\u00eancia \u00e9 uma rede de reposit\u00f3rios de Ci\u00eancia Aberta na Am\u00e9rica Latina que \u201cd\u00e1 visibilidade \u00e0 produ\u00e7\u00e3o cient\u00edfica das institui\u00e7\u00f5es de educa\u00e7\u00e3o superior e investiga\u00e7\u00e3o da Am\u00e9rica Latina, promove o Acesso Aberto e gratuito ao texto completo, com especial \u00eanfase nos resultados financiados com fundos p\u00fablicos\u201d. A rede disp\u00f5e de uma dezena de pa\u00edses adscritos, nos quais, segundo a sua presidente, Bianca Amaro, o mais importante \u00e9 que as\u00a0 autoridades em ci\u00eancia e tecnologia se impliquem com a Ci\u00eancia Aberta. Amaro vai participar no XXI Encontro de Reitores do Grupo Tordesilhas, destacando o papel das redes internacionais como LA Referencia (A Refer\u00eancia) e a experi\u00eancia de que disp\u00f5em neste sentido.\u00a0<\/span><\/p>\n<p><span style=\"font-weight: 400\"><\/span><\/p>\n<p><b>Pergunta. Qual \u00e9 o trabalho que LA Referencia realiza na Am\u00e9rica\u00a0 Latina?<\/b><\/p>\n<p><b>Resposta. <\/b><span style=\"font-weight: 400\">O trabalho de LA Referencia consiste em promover o Acesso Aberto. Nesse momento come\u00e7amoscom as publica\u00e7\u00f5es e agora continuamos com os dados cient\u00edficos. Outra tarefa muito importante \u00e9 a promo\u00e7\u00e3o de acordos, n\u00e3o s\u00f3 com pa\u00edses que pertencem a LA Referencia, como tamb\u00e9m a n\u00edvel mundial. Fazemos issopara que a Am\u00e9rica Latina possa ter a sua voz reconhecida em todo o mundo do ponto de vista da produ\u00e7\u00e3o cient\u00edfica de qualidade desenvolvida nas nossas universidades. Desenvolvemos ainda tecnologia e, por outro lado, temos outro componente que, na minha opini\u00e3o, \u00e9 maravilhoso: apoio entre pa\u00edses para o desenvolvimento de infraestruturas de Ci\u00eancia Aberta, partilhando experi\u00eancias e trabalhando emconjunto.<\/span><\/p>\n<p><span style=\"font-weight: 400\"><\/span><\/p>\n<p><b>Qual \u00e9 a situa\u00e7\u00e3o da Ci\u00eancia Aberta na Am\u00e9rica Latina neste momento?\u00a0 A implanta\u00e7\u00e3o do movimento \u00e9 uniforme?<\/b><\/p>\n<p><span style=\"font-weight: 400\">N\u00e3o, n\u00e3o \u00e9 uniforme. Respeitamos profundamente as diferen\u00e7as existentes entre os pa\u00edses e esse \u00e9 outro ponto important\u00edssimo da nossa organiza\u00e7\u00e3o. Temos pa\u00edses muito avan\u00e7ados, com v\u00e1rios reposit\u00f3rios, e outros que est\u00e3o agora a come\u00e7ar a promover a sua cria\u00e7\u00e3o. Portanto, a implanta\u00e7\u00e3o n\u00e3o \u00e9 uniforme, embora isso seja\u00a0 interessante. A diferen\u00e7a dentro de LA Referencia tamb\u00e9m faz com que os pa\u00edses menos desenvolvidos prestem aten\u00e7\u00e3o ao que fazem outros pa\u00edses, validem o trabalho de outros pa\u00edses e se ponham a trabalhar nos seus reposit\u00f3rios.<\/span><\/p>\n<p><span style=\"font-weight: 400\"><\/span><\/p>\n<p><b>Quais s\u00e3o os principais obst\u00e1culos que encontram ao promover a aplica\u00e7\u00e3o de pol\u00edticas de Ci\u00eancia Aberta nos pa\u00edses da Am\u00e9rica Latina?<\/b><\/p>\n<p><span style=\"font-weight: 400\">J\u00e1 temos quase todos os pa\u00edses da Am\u00e9rica Latina inscritos na rede, agora estamos a trabalhar com os pa\u00edses da Am\u00e9rica Central, mas estamos a ter alguns problemas. Sobretudo, obst\u00e1culos provenientes da pol\u00edtica. Temos de conseguir que a pol\u00edtica entenda a import\u00e2ncia da Ci\u00eancia Aberta.\u00a0 Costumamos organizar palestras, eventos, etc. relacionados sobre a import\u00e2ncia de pertencer a uma rede como LA Referencia, mas \u00e9 dif\u00edcil fazer compreender a relev\u00e2ncia vital do assunto.<\/span><\/p>\n<p><span style=\"font-weight: 400\"><\/span><\/p>\n<p><b>Diz que um dos principais obst\u00e1culos est\u00e1 relacionado com a pol\u00edtica. Na sua opini\u00e3o, o que \u00e9 preciso\u00a0 trabalhar com os pol\u00edticos para que eles queiram que os Estados que representam fa\u00e7am parte da transforma\u00e7\u00e3o para a Ci\u00eancia Aberta?<\/b><\/p>\n<p><span style=\"font-weight: 400\">\u00c9 uma falta de compreens\u00e3o pela sua parte. T\u00eam de entender o imprescind\u00edvel que \u00e9 para os investigadores de um pa\u00eds e para o reconhecimento da ci\u00eancia que levam a cabo. Outro dos principais desafios consiste na promo\u00e7\u00e3o da visibilidade da produ\u00e7\u00e3o cient\u00edfica da Am\u00e9rica latina e, para tal, a Ci\u00eancia Aberta \u00e9 imprescind\u00edvel. Precisamos aumentar essa visibilidade porque, at\u00e9 h\u00e1 alguns anos, a vis\u00e3o europeia era que o norte produzia ci\u00eancia e o Sul consumia a ci\u00eancia. Mas isso n\u00e3o \u00e9 bem assim. Produzimos ci\u00eancia de grande qualidade e devemos fazer com que o mundo o saiba.<\/span><\/p>\n<p><span style=\"font-weight: 400\"><\/span><\/p>\n<p><b>Reivindica o papel da Am\u00e9rica Latina como grande produtora de ci\u00eancia de qualidade, como atua LA Referencia para contribuir para o aumento da visibilidade dessa realidade?<\/b><\/p>\n<p><span style=\"font-weight: 400\">LA Referencia atua como n\u00f3 central de toda a produ\u00e7\u00e3o cient\u00edfica da Am\u00e9rica Latina.\u00a0 Isto chega \u00e0 Europa e ao resto do mundo atrav\u00e9s de outras organiza\u00e7\u00f5es, redes globais (LA Referencia tem car\u00e1cter regional). Tamb\u00e9m participamos em todos os congressos internacionais e estamos envolvidos nas principais iniciativas relacionadas com reposit\u00f3rios cient\u00edficos a n\u00edvel mundial. <\/span><\/p>\n<p><b><\/b><\/p>\n<p><b>Qual \u00e9 o papel que os divulgadores cient\u00edficos devem ter nas redes como LA Referencia para aumentar, como acabou de dizer, o trabalho cient\u00edfico da regi\u00e3o?<\/b><\/p>\n<p><span style=\"font-weight: 400\">Acho que deve ter um trabalho cont\u00ednuo em palestras a n\u00edvel nacional e internacional para que as pessoas sejam informadas sobre o fazemos e assim estaremos a atuar a partir da rede. Da mesma forma que explicamos \u00e0s autoridades e aos governantes o que \u00e9 LA Referencia, tamb\u00e9m devemos explic\u00e1-lo \u00e0s pessoas. A nossa investiga\u00e7\u00e3o \u00e9 de alta qualidade e toda a sociedade deveria poder aproveit\u00e1-la. <\/span><\/p>\n<p><b><\/b><\/p>\n<p><b>O que acha que todos os seus anos de mandato como presidente de LA Referencia significaram para a rede?<\/b><\/p>\n<p><span style=\"font-weight: 400\">Bom, estou a agora a acabar o meu mandato de presidente e j\u00e1 n\u00e3o posso voltar a apresentar-me \u00e0s elei\u00e7\u00f5es porque tem de outro pa\u00eds a tomar posse do cargo; o que me parece muito interessante. Estou muito contente de ter conseguido a participa\u00e7\u00e3o de outros pa\u00edses da regi\u00e3o, com tudo o que isso implica. Sobretudo, o compromisso das autoridades da Ci\u00eancia e Tecnologia destes estados. Isto \u00e9 fundamental para a estrutura\u00e7\u00e3o da rede. Acho que isto foi o mais importante juntamente com ter conseguido uma representa\u00e7\u00e3o a n\u00edvel internacional nas principais iniciativas da Ci\u00eancia Aberta. A minha sensa\u00e7\u00e3o \u00e9 ter cumprido o meu dever; tamb\u00e9m pela assinatura de acordos com outras redes, como a africana.<\/span><\/p>\n<p><b><\/b><\/p>\n<p><b>Na sua opini\u00e3o, as redes existentes sobre Ci\u00eancia Aberta como LA Referencia ou os encontros sobre este tema como o XXI Encontro de Reitores do Grupo Tordesilhas s\u00e3o suficientes?<\/b><\/p>\n<p><span style=\"font-weight: 400\">Acho que se est\u00e1 a trabalhar muito e muito bem. Penso que \u00e9 muito importante participar em eventos como este, difundir o que fazemos por todos lados e, portanto, considero fant\u00e1stica a oportunidade do Encontro de Reitores do Grupo Tordesilhas para comparar os n\u00edveis dos pa\u00edses. Quanto mais se falar de Ci\u00eancia Aberta, melhor. <\/span><\/p>\n<p><b><\/b><\/p>\n<p><b>Qual \u00e9 a mensagem principal que, na sua opini\u00e3o, se deve lan\u00e7ar a partir das redes como LA Referencia?<\/b><\/p>\n<p><span style=\"font-weight: 400\">Sobretudo, dirigido aos investigadores, devemos incidir muito em que, se podem incluir os seus trabalhos em reposit\u00f3rios como <\/span><i><span style=\"font-weight: 400\">Researchgate<\/span><\/i><span style=\"font-weight: 400\">, podem faz\u00ea-lo em reposit\u00f3rios institucionais. Recebemos fundos p\u00fablicos para investigar e esse conhecimento deve ser p\u00fablico. Precisamos que os investigadores saibam que ningu\u00e9m lhes v\u00e3o roubar a ci\u00eancia, que existem exce\u00e7\u00f5es relacionadas com seguran\u00e7a nacional, direitos de autor, etc. mas a Ci\u00eancia Aberta \u00e9 fundamental. Tampouco \u00e9 verdade que isto custe dinheiro aos investigadores. A ci\u00eancia deve ser aberta porque gera bens p\u00fablicos para todo o mundo.\u00a0 <\/span><\/p>\n<p><b><\/b><\/p>\n<p><b>Qual \u00e9 o futuro da Ci\u00eancia Aberta na Am\u00e9rica Latina?<\/b><\/p>\n<p><span style=\"font-weight: 400\">O que eu mais gostaria \u00e9 que todos os pa\u00edses que comp\u00f5em a Am\u00e9rica Latina, fa\u00e7am parte de LA Referencia. Nesse momento poderemos dizer que toda a Am\u00e9rica Latina est\u00e1 representada na nossa rede. Al\u00e9m disso, temos outro desafio:\u00a0 queremos que LA Referencia seja cada vez mais considerada a voz da Am\u00e9rica Latina em todo o mundo no que diz respeito \u00e0 ci\u00eancia.<\/span><\/p>\n<p>[\/et_pb_text][et_pb_text _builder_version=&#8221;4.17.4&#8243; _module_preset=&#8221;default&#8221; text_text_color=&#8221;#653880&#8243; global_colors_info=&#8221;{}&#8221;]<\/p>\n<h2><em><strong>&#8220;Tenemos que visibilizar a Am\u00e9rica Latina como productora de Ciencia de calidad&#8221;<\/strong><\/em><\/h2>\n<p>[\/et_pb_text][\/et_pb_column][\/et_pb_row][et_pb_row _builder_version=&#8221;4.17.4&#8243; _module_preset=&#8221;default&#8221; global_colors_info=&#8221;{}&#8221;][et_pb_column type=&#8221;4_4&#8243; _builder_version=&#8221;4.17.4&#8243; _module_preset=&#8221;default&#8221; global_colors_info=&#8221;{}&#8221;][et_pb_text _builder_version=&#8221;4.17.4&#8243; _module_preset=&#8221;default&#8221; global_colors_info=&#8221;{}&#8221;]<b>P. \u00bfQu\u00e9 papel deben tener los divulgadores cient\u00edficos en redes como LA Referencia para aumentar, como usted dice, el trabajo cient\u00edfico de la regi\u00f3n?<\/b><\/p>\n<p><span style=\"font-weight: 400\"><strong>R.<\/strong> Creo que debe haber un trabajo continuo en charlas nacionales e internacionales para que la gente conozca lo que hacemos, y as\u00ed estamos actuando desde la red. De la misma manera que nosotros explicamos a las autoridades y los gobernantes qu\u00e9 es LA Referencia, debemos explicarlo tambi\u00e9n a la gente. Nuestra investigaci\u00f3n es de alta calidad y debe poder aprovecharse toda la sociedad de ella.<\/span><\/p>\n<p><b>P. Sus a\u00f1os de mandato como presidenta de LA Referencia \u00bfqu\u00e9 han significado para la red?<\/b><\/p>\n<p><span style=\"font-weight: 400\"><strong>R.<\/strong> Bueno, termino ahora como presidenta y ya no puedo volver a presentarme a la reelecci\u00f3n porque tiene que ser otro pa\u00eds el que tome el cargo; lo cual me parece muy interesante. Estoy muy contenta de haber logrado la participaci\u00f3n de otros pa\u00edses de la regi\u00f3n, con todo lo que eso implica. Sobre todo, el compromiso de las altas autoridades de ciencia y tecnolog\u00eda de estos estados. Esto es fundamental para la estructuraci\u00f3n de la red. Creo que esto ha sido lo m\u00e1s importante junto con conseguir estar representados a nivel internacional en las principales iniciativas de Ciencia Abierta. Mi sensaci\u00f3n es de deber cumplido; tambi\u00e9n por la firma de acuerdos con otras redes, como la africana.<\/span><\/p>\n<p><b>P. Para usted, \u00bfson suficientes las redes existentes sobre Ciencia Abierta como LA Referencia o los encuentros sobre este tema como el XXI Encuentro de Rectores del Grupo Tordesillas?<\/b><\/p>\n<p><span style=\"font-weight: 400\"><strong>R.<\/strong> Creo que se est\u00e1 trabajando mucho y muy bien. Creo que es muy importante participar en eventos como este, difundir lo que hacemos por todos lados y, por tanto, considero fant\u00e1stica la oportunidad del Encuentro de Rectores del Grupo Tordesillas para comparar los niveles de los pa\u00edses. Cuanto m\u00e1s se hable de Ciencia Abierta, mejor.<\/span><\/p>\n<p><b>P. \u00bfCu\u00e1l cree que es el mensaje principal que se debe lanzar desde redes como LA Referencia?<\/b><\/p>\n<p><span style=\"font-weight: 400\"><strong>R.<\/strong> Sobre todo, dirigido a los investigadores, se debe incidir mucho en que, si pueden incluir sus trabajos en repositorios como <\/span><i><span style=\"font-weight: 400\">Researchgate<\/span><\/i><span style=\"font-weight: 400\">, pueden hacerlo en repositorios institucionales. Recibimos fondos p\u00fablicos para investigar y ese conocimiento debe ser p\u00fablico. Necesitamos que los investigadores sepan que no les van a robar la ciencia, que existen excepciones relacionadas con seguridad nacional, derechos de autor, etc. pero la Ciencia Abierta es fundamental. Tampoco es verdad que esto cueste dinero a los investigadores. La ciencia debe ser abierta porque genera bienes p\u00fablicos para todo el mundo.<\/span><\/p>\n<p><b>P. \u00bfCu\u00e1l es el futuro de la Ciencia Abierta en Am\u00e9rica Latina?<\/b><\/p>\n<p><span style=\"font-weight: 400\"><strong>R.<\/strong> Lo primero que quisiera es que todos los pa\u00edses que forman Latinoam\u00e9rica, formen parte de LA Referencia. En ese momento podremos decir que toda Latinoam\u00e9rica est\u00e1 representada en nuestra red. Adem\u00e1s, otro reto que tenemos es que, cada vez m\u00e1s, LA Referencia sea considerada la voz de Latino Am\u00e9rica en todo el mundo en lo referente a ciencia<\/span><br \/>\n[\/et_pb_text][\/et_pb_column][\/et_pb_row][\/et_pb_section]<\/p>\n","protected":false},"excerpt":{"rendered":"<p>A Refer\u00eancia \u00e9 uma rede de reposit\u00f3rios de Ci\u00eancia Aberta na Am\u00e9rica Latina que \u201cd\u00e1 visibilidade \u00e0 produ\u00e7\u00e3o cient\u00edfica das institui\u00e7\u00f5es de educa\u00e7\u00e3o superior e investiga\u00e7\u00e3o da Am\u00e9rica Latina, promove o Acesso Aberto e gratuito ao texto completo, com especial \u00eanfase nos resultados financiados com fundos p\u00fablicos\u201d. A rede disp\u00f5e de uma dezena de pa\u00edses [&hellip;]<\/p>\n","protected":false},"author":6508,"featured_media":4367,"comment_status":"open","ping_status":"open","sticky":false,"template":"","format":"standard","meta":{"_et_pb_use_builder":"on","_et_pb_old_content":"<p>[et_pb_section fb_built=\"1\" _builder_version=\"4.17.4\" _module_preset=\"default\" global_colors_info=\"{}\"][et_pb_row _builder_version=\"4.17.4\" _module_preset=\"default\" global_colors_info=\"{}\"][et_pb_column type=\"4_4\" _builder_version=\"4.17.4\" _module_preset=\"default\" global_colors_info=\"{}\"][et_pb_text _builder_version=\"4.17.4\" _module_preset=\"default\" global_colors_info=\"{}\"]<\/p><p><span style=\"font-weight: 400;\">LA Referencia es una red de repositorios de Ciencia Abierta en Latinoam\u00e9rica que \u201cda visibilidad a la producci\u00f3n cient\u00edfica de las instituciones de educaci\u00f3n superior e investigaci\u00f3n de Am\u00e9rica Latina, promueve el Acceso Abierto y gratuito al texto completo, con especial \u00e9nfasis en los resultados financiados con fondos p\u00fablicos\u201d. La red cuenta con una docena de pa\u00edses adscritos en los que, seg\u00fan su presidenta, Bianca Amaro, lo m\u00e1s importante es que las altas autoridades en ciencia y tecnolog\u00eda se impliquen con la Ciencia Abierta. Amaro participar\u00e1 en el XXI Encuentro de Rectores del Grupo Tordesillas, poniendo sobre la mesa el papel de las redes internacionales como LA Referencia y la experiencia que tienen en este sentido.<\/span><\/p><p><b>Pregunta. \u00bfQu\u00e9 trabajo realiza LA Referencia en Latinoam\u00e9rica?<\/b><\/p><p><b>Respuesta. <\/b><span style=\"font-weight: 400;\">El trabajo de LA Referencia es promocionar el Acceso abierto. Comenzamos en su momento con las publicaciones y seguimos ahora con los datos cient\u00edficos. Otra tarea muy importante es la promoci\u00f3n de acuerdos, no solo con pa\u00edses pertenecientes a LA Referencia, sino que a nivel mundial. Esto lo hacemos en pro de que Latinoam\u00e9rica tenga su voz reconocida en todo el mundo desde el punto de vista de la producci\u00f3n cient\u00edfica de calidad que se desarrolla en nuestras universidades. Desarrollamos tambi\u00e9n tecnolog\u00eda y, por otro lado, tenemos otro componente que, para m\u00ed, es maravilloso: apoyo entre pa\u00edses para el desarrollo de infraestructuras de Ciencia Abierta, compartiendo experiencias y trabajando en com\u00fan.<\/span><\/p><p><b>P. En estos momentos, \u00bfcu\u00e1l es la situaci\u00f3n de la Ciencia Abierta en Am\u00e9rica Latina? \u00bfEs uniforme la implantaci\u00f3n del movimiento?<\/b><\/p><p><span style=\"font-weight: 400;\"><strong>R.<\/strong> No lo es. Respetamos profundamente las diferencias entre pa\u00edses y ese es otro punto important\u00edsimo de nuestra organizaci\u00f3n. Tenemos pa\u00edses muy avanzados, con varios repositorios, y otros que empiezan ahora a promocionar la creaci\u00f3n de \u00e9stos. Por tanto, no es uniforme la implantaci\u00f3n, pero esto es interesante. La diferencia dentro de LA Referencia genera tambi\u00e9n que los pa\u00edses menos desarrollados se fijen en qu\u00e9 han hecho otros, validen el trabajo de otros pa\u00edses y se pongan a trabajar en sus repositorios.<\/span><\/p><p><b>P. \u00bfCu\u00e1les son las principales barreras que ten\u00e9is que superar a la hora de promover la aplicaci\u00f3n de pol\u00edticas de Ciencia Abierta en los pa\u00edses de Am\u00e9rica Latina?<\/b><\/p><p><span style=\"font-weight: 400;\"><strong>R.<\/strong> Tenemos ya a casi todos los pa\u00edses de Latinoam\u00e9rica inscritos en la red, ahora estamos trabajando con los centroamericanos, pero estamos teniendo algunos problemas. Sobre todo, las barreras vienen de la pol\u00edtica. Tenemos que hacer entender a la pol\u00edtica la importancia de la Ciencia Abierta. Solemos dar charlas, organizar eventos, etc. respecto a la importancia de pertenecer a una red como LA Referencia, pero es dif\u00edcil hacer comprender la relevancia vital del asunto.<\/span><\/p><p><b>P. Dice que uno de los principales escollos tiene que ver con la pol\u00edtica. \u00bfQu\u00e9 necesitan trabajar con los pol\u00edticos para que quieran que los estados a los que representan formen parte de la transformaci\u00f3n hacia la Ciencia Abierta?<\/b><\/p><p><span style=\"font-weight: 400;\"><strong>R.<\/strong> Es una falta de comprensi\u00f3n por parte de ellos. Tienen que entender lo imprescindible que es para los investigadores de un pa\u00eds y para el reconocimiento de la ciencia que hacen. Otro de los principales retos es promover la visibilidad de la producci\u00f3n cient\u00edfica latinoamericana y, para esto, es imprescindible la Ciencia Abierta. Necesitamos aumentar esta visibilidad porque, hasta hace unos a\u00f1os, la visi\u00f3n europea era que el norte produc\u00eda ciencia y el sur la consum\u00eda. Esto no es as\u00ed. Producimos ciencia de gran calidad y debemos hacer que el mundo lo sepa.<\/span><\/p><p><b>P. Reivindica el papel de Latinoam\u00e9rica como gran productora de ciencia de calidad, \u00bfc\u00f3mo act\u00faa LA Referencia para contribuir al aumento de la visibilidad de esa realidad?<\/b><\/p><p><span style=\"font-weight: 400;\"><strong>R.<\/strong> LA Referencia act\u00faa como nodo central de toda la producci\u00f3n cient\u00edfica de Latinoam\u00e9rica. A trav\u00e9s de otras organizaciones, redes globales (LA Referencia es de car\u00e1cter regional), esto llega a Europa y al resto del mundo. Tambi\u00e9n participamos en todos los congresos internacionales y, adem\u00e1s, estamos involucrados en las principales iniciativas que tienen que ver con repositorios cient\u00edficos a nivel mundial.<\/span><\/p><p><span style=\"font-weight: 400;\">.<\/span><\/p><p>[\/et_pb_text][et_pb_text _builder_version=\"4.17.4\" _module_preset=\"default\" text_text_color=\"#653880\" global_colors_info=\"{}\"]<\/p><h2><em><strong>\"Tenemos que visibilizar a Am\u00e9rica Latina como productora de Ciencia de calidad\"<\/strong><\/em><\/h2><p>[\/et_pb_text][\/et_pb_column][\/et_pb_row][et_pb_row _builder_version=\"4.17.4\" _module_preset=\"default\" global_colors_info=\"{}\"][et_pb_column type=\"4_4\" _builder_version=\"4.17.4\" _module_preset=\"default\" global_colors_info=\"{}\"][et_pb_text _builder_version=\"4.17.4\" _module_preset=\"default\" global_colors_info=\"{}\"]<\/p><p><b>P. \u00bfQu\u00e9 papel deben tener los divulgadores cient\u00edficos en redes como LA Referencia para aumentar, como usted dice, el trabajo cient\u00edfico de la regi\u00f3n?<\/b><\/p><p><span style=\"font-weight: 400;\"><strong>R.<\/strong> Creo que debe haber un trabajo continuo en charlas nacionales e internacionales para que la gente conozca lo que hacemos, y as\u00ed estamos actuando desde la red. De la misma manera que nosotros explicamos a las autoridades y los gobernantes qu\u00e9 es LA Referencia, debemos explicarlo tambi\u00e9n a la gente. Nuestra investigaci\u00f3n es de alta calidad y debe poder aprovecharse toda la sociedad de ella.<\/span><\/p><p><b>P. Sus a\u00f1os de mandato como presidenta de LA Referencia \u00bfqu\u00e9 han significado para la red?<\/b><\/p><p><span style=\"font-weight: 400;\"><strong>R.<\/strong> Bueno, termino ahora como presidenta y ya no puedo volver a presentarme a la reelecci\u00f3n porque tiene que ser otro pa\u00eds el que tome el cargo; lo cual me parece muy interesante. Estoy muy contenta de haber logrado la participaci\u00f3n de otros pa\u00edses de la regi\u00f3n, con todo lo que eso implica. Sobre todo, el compromiso de las altas autoridades de ciencia y tecnolog\u00eda de estos estados. Esto es fundamental para la estructuraci\u00f3n de la red. Creo que esto ha sido lo m\u00e1s importante junto con conseguir estar representados a nivel internacional en las principales iniciativas de Ciencia Abierta. Mi sensaci\u00f3n es de deber cumplido; tambi\u00e9n por la firma de acuerdos con otras redes, como la africana.<\/span><\/p><p><b>P. Para usted, \u00bfson suficientes las redes existentes sobre Ciencia Abierta como LA Referencia o los encuentros sobre este tema como el XXI Encuentro de Rectores del Grupo Tordesillas?<\/b><\/p><p><span style=\"font-weight: 400;\"><strong>R.<\/strong> Creo que se est\u00e1 trabajando mucho y muy bien. Creo que es muy importante participar en eventos como este, difundir lo que hacemos por todos lados y, por tanto, considero fant\u00e1stica la oportunidad del Encuentro de Rectores del Grupo Tordesillas para comparar los niveles de los pa\u00edses. Cuanto m\u00e1s se hable de Ciencia Abierta, mejor.<\/span><\/p><p><b>P. \u00bfCu\u00e1l cree que es el mensaje principal que se debe lanzar desde redes como LA Referencia?<\/b><\/p><p><span style=\"font-weight: 400;\"><strong>R.<\/strong> Sobre todo, dirigido a los investigadores, se debe incidir mucho en que, si pueden incluir sus trabajos en repositorios como <\/span><i><span style=\"font-weight: 400;\">Researchgate<\/span><\/i><span style=\"font-weight: 400;\">, pueden hacerlo en repositorios institucionales. Recibimos fondos p\u00fablicos para investigar y ese conocimiento debe ser p\u00fablico. Necesitamos que los investigadores sepan que no les van a robar la ciencia, que existen excepciones relacionadas con seguridad nacional, derechos de autor, etc. pero la Ciencia Abierta es fundamental. Tampoco es verdad que esto cueste dinero a los investigadores. La ciencia debe ser abierta porque genera bienes p\u00fablicos para todo el mundo.<\/span><\/p><p><b>P. \u00bfCu\u00e1l es el futuro de la Ciencia Abierta en Am\u00e9rica Latina?<\/b><\/p><p><span style=\"font-weight: 400;\"><strong>R.<\/strong> Lo primero que quisiera es que todos los pa\u00edses que forman Latinoam\u00e9rica, formen parte de LA Referencia. En ese momento podremos decir que toda Latinoam\u00e9rica est\u00e1 representada en nuestra red. Adem\u00e1s, otro reto que tenemos es que, cada vez m\u00e1s, LA Referencia sea considerada la voz de Latino Am\u00e9rica en todo el mundo en lo referente a ciencia<\/span><\/p><p>[\/et_pb_text][\/et_pb_column][\/et_pb_row][\/et_pb_section]<\/p>","_et_gb_content_width":"","_links_to":"","_links_to_target":""},"categories":[1361529],"tags":[],"_links":{"self":[{"href":"https:\/\/tordesillasdoctoral.umh.es\/pt-pt\/wp-json\/wp\/v2\/posts\/4686"}],"collection":[{"href":"https:\/\/tordesillasdoctoral.umh.es\/pt-pt\/wp-json\/wp\/v2\/posts"}],"about":[{"href":"https:\/\/tordesillasdoctoral.umh.es\/pt-pt\/wp-json\/wp\/v2\/types\/post"}],"author":[{"embeddable":true,"href":"https:\/\/tordesillasdoctoral.umh.es\/pt-pt\/wp-json\/wp\/v2\/users\/6508"}],"replies":[{"embeddable":true,"href":"https:\/\/tordesillasdoctoral.umh.es\/pt-pt\/wp-json\/wp\/v2\/comments?post=4686"}],"version-history":[{"count":0,"href":"https:\/\/tordesillasdoctoral.umh.es\/pt-pt\/wp-json\/wp\/v2\/posts\/4686\/revisions"}],"wp:featuredmedia":[{"embeddable":true,"href":"https:\/\/tordesillasdoctoral.umh.es\/pt-pt\/wp-json\/wp\/v2\/media\/4367"}],"wp:attachment":[{"href":"https:\/\/tordesillasdoctoral.umh.es\/pt-pt\/wp-json\/wp\/v2\/media?parent=4686"}],"wp:term":[{"taxonomy":"category","embeddable":true,"href":"https:\/\/tordesillasdoctoral.umh.es\/pt-pt\/wp-json\/wp\/v2\/categories?post=4686"},{"taxonomy":"post_tag","embeddable":true,"href":"https:\/\/tordesillasdoctoral.umh.es\/pt-pt\/wp-json\/wp\/v2\/tags?post=4686"}],"curies":[{"name":"wp","href":"https:\/\/api.w.org\/{rel}","templated":true}]}}